{"id":18374,"date":"2023-03-08T17:24:27","date_gmt":"2023-03-08T17:24:27","guid":{"rendered":"https:\/\/www.uprrp.edu\/archivouniversitario\/?p=18374"},"modified":"2023-03-08T17:26:12","modified_gmt":"2023-03-08T17:26:12","slug":"noticias-y-eventos","status":"publish","type":"post","link":"https:\/\/www.uprrp.edu\/archivouniversitario\/noticias-y-eventos\/","title":{"rendered":"Noticias y eventos"},"content":{"rendered":"\t\t<div data-elementor-type=\"wp-post\" data-elementor-id=\"18374\" class=\"elementor elementor-18374\">\n\t\t\t\t\t\t<section class=\"elementor-section elementor-top-section elementor-element elementor-element-246c208 elementor-section-boxed elementor-section-height-default elementor-section-height-default\" data-id=\"246c208\" data-element_type=\"section\" data-e-type=\"section\">\n\t\t\t\t\t\t<div class=\"elementor-container elementor-column-gap-default\">\n\t\t\t\t\t<div class=\"elementor-column elementor-col-100 elementor-top-column elementor-element elementor-element-94ed013\" data-id=\"94ed013\" data-element_type=\"column\" data-e-type=\"column\">\n\t\t\t<div class=\"elementor-widget-wrap elementor-element-populated\">\n\t\t\t\t\t\t<div class=\"elementor-element elementor-element-9d64f85 elementor-widget elementor-widget-thim-carousel-post\" data-id=\"9d64f85\" data-element_type=\"widget\" data-e-type=\"widget\" data-widget_type=\"thim-carousel-post.default\">\n\t\t\t\t<div class=\"elementor-widget-container\">\n\t\t\t\t\t\t<div class=\"thim-owl-carousel-post thim-carousel-wrapper\" data-visible=\"3\"\n\t\t data-pagination=\"0\"\n\t\t data-navigation=\"0\" data-autoplay=\"0\">\n\t\t\t\t\t<div class=\"item\">\n\t\t\t\t\t\t\t\t<div class=\"image\">\n\t\t\t\t\t<a href=\"https:\/\/www.uprrp.edu\/archivouniversitario\/noticias-y-eventos\/\">\n\t\t\t\t\t\t<img decoding=\"async\" src=\"https:\/\/www.uprrp.edu\/archivouniversitario\/wp-content\/themes\/eduma\/images\/demo_images\/demo_image.jpg\" alt=\"Noticias y eventos\" title=\"Noticias y eventos\" >\t\t\t\t\t<\/a>\n\t\t\t\t<\/div>\n\t\t\t\t<div class=\"content\">\n\t\t\t\t\t<div class=\"info\">\n\t\t\t\t\t\t<div class=\"author\">\n\t\t\t\t\t\t\t<span>aida<\/span>\t\t\t\t\t\t<\/div>\n\t\t\t\t\t\t<div class=\"date\">\n\t\t\t\t\t\t\t8 de March de 2023\t\t\t\t\t\t<\/div>\n\t\t\t\t\t<\/div>\n\t\t\t\t\t<h4 class=\"title\">\n\t\t\t\t\t\t<a href=\"https:\/\/www.uprrp.edu\/archivouniversitario\/noticias-y-eventos\/\">Noticias y eventos<\/a>\n\t\t\t\t\t<\/h4>\n\t\t\t\t<\/div>\n\t\t\t<\/div>\n\t\t\t\t\t<div class=\"item\">\n\t\t\t\t\t\t\t\t<div class=\"image\">\n\t\t\t\t\t<a href=\"https:\/\/www.uprrp.edu\/archivouniversitario\/sabias-que-pau-casals\/\">\n\t\t\t\t\t\t<img decoding=\"async\" src=\"https:\/\/www.uprrp.edu\/archivouniversitario\/wp-content\/themes\/eduma\/images\/demo_images\/demo_image.jpg\" alt=\"Sabias que&#8230; Pau Casals\" title=\"Sabias que&#8230; Pau Casals\" >\t\t\t\t\t<\/a>\n\t\t\t\t<\/div>\n\t\t\t\t<div class=\"content\">\n\t\t\t\t\t<div class=\"info\">\n\t\t\t\t\t\t<div class=\"author\">\n\t\t\t\t\t\t\t<span>aida<\/span>\t\t\t\t\t\t<\/div>\n\t\t\t\t\t\t<div class=\"date\">\n\t\t\t\t\t\t\t9 de January de 2023\t\t\t\t\t\t<\/div>\n\t\t\t\t\t<\/div>\n\t\t\t\t\t<h4 class=\"title\">\n\t\t\t\t\t\t<a href=\"https:\/\/www.uprrp.edu\/archivouniversitario\/sabias-que-pau-casals\/\">Sabias que&#8230; Pau Casals<\/a>\n\t\t\t\t\t<\/h4>\n\t\t\t\t<\/div>\n\t\t\t<\/div>\n\t\t\t\t\t<div class=\"item\">\n\t\t\t\t\t\t\t\t<div class=\"image\">\n\t\t\t\t\t<a href=\"https:\/\/www.uprrp.edu\/archivouniversitario\/academicas-e-intelectuales-destacadas\/\">\n\t\t\t\t\t\t<img fetchpriority=\"high\" decoding=\"async\" src=\"https:\/\/www.uprrp.edu\/archivouniversitario\/wp-content\/uploads\/sites\/21\/2022\/12\/Catalogo-Academicas-e-Intelectuales-destacadas-final_Page_003-450x267.jpg\" alt=\"Acad\u00e9micas e Intelectuales Destacadas\" title=\"Cat\u00e1logo Acad\u00e9micas e Intelectuales destacadas, final_Page_003\"  width=\"450\" height=\"267\">\t\t\t\t\t<\/a>\n\t\t\t\t<\/div>\n\t\t\t\t<div class=\"content\">\n\t\t\t\t\t<div class=\"info\">\n\t\t\t\t\t\t<div class=\"author\">\n\t\t\t\t\t\t\t<span>aida<\/span>\t\t\t\t\t\t<\/div>\n\t\t\t\t\t\t<div class=\"date\">\n\t\t\t\t\t\t\t16 de December de 2022\t\t\t\t\t\t<\/div>\n\t\t\t\t\t<\/div>\n\t\t\t\t\t<h4 class=\"title\">\n\t\t\t\t\t\t<a href=\"https:\/\/www.uprrp.edu\/archivouniversitario\/academicas-e-intelectuales-destacadas\/\">Acad\u00e9micas e Intelectuales Destacadas<\/a>\n\t\t\t\t\t<\/h4>\n\t\t\t\t<\/div>\n\t\t\t<\/div>\n\t\t\t\t\t<div class=\"item\">\n\t\t\t\t\t\t\t\t<div class=\"image\">\n\t\t\t\t\t<a href=\"https:\/\/www.uprrp.edu\/archivouniversitario\/iupimap-nueva-aplicacion-movil-con-el-mapa-del-recinto\/\">\n\t\t\t\t\t\t<img decoding=\"async\" src=\"https:\/\/www.uprrp.edu\/archivouniversitario\/wp-content\/uploads\/sites\/21\/2022\/12\/anuncio-iupimap-1-450x267.png\" alt=\"IupiMap: Nueva aplicaci\u00f3n m\u00f3vil con el mapa del Recinto\" title=\"anuncio-iupimap (1)\"  width=\"450\" height=\"267\">\t\t\t\t\t<\/a>\n\t\t\t\t<\/div>\n\t\t\t\t<div class=\"content\">\n\t\t\t\t\t<div class=\"info\">\n\t\t\t\t\t\t<div class=\"author\">\n\t\t\t\t\t\t\t<span>aida<\/span>\t\t\t\t\t\t<\/div>\n\t\t\t\t\t\t<div class=\"date\">\n\t\t\t\t\t\t\t15 de December de 2022\t\t\t\t\t\t<\/div>\n\t\t\t\t\t<\/div>\n\t\t\t\t\t<h4 class=\"title\">\n\t\t\t\t\t\t<a href=\"https:\/\/www.uprrp.edu\/archivouniversitario\/iupimap-nueva-aplicacion-movil-con-el-mapa-del-recinto\/\">IupiMap: Nueva aplicaci\u00f3n m\u00f3vil con el mapa del Recinto<\/a>\n\t\t\t\t\t<\/h4>\n\t\t\t\t<\/div>\n\t\t\t<\/div>\n\t\t\t<\/div>\n\t\t\t\t\t<\/div>\n\t\t\t\t<\/div>\n\t\t\t\t<div class=\"elementor-element elementor-element-7ae6d2b iconbox-text-left elementor-widget elementor-widget-thim-icon-box\" data-id=\"7ae6d2b\" data-element_type=\"widget\" data-e-type=\"widget\" data-widget_type=\"thim-icon-box.default\">\n\t\t\t\t<div class=\"elementor-widget-container\">\n\t\t\t\t\t<div class=\"thim-widget-icon-box\"><div class=\"wrapper-box-icon text-left \"><div class=\"smicon-box iconbox-top\"><div class=\"boxes-icon\"><span class=\"inner-icon\"><span class=\"icon\"><svg aria-hidden=\"true\" class=\"e-font-icon-svg e-far-newspaper\" viewBox=\"0 0 576 512\" xmlns=\"http:\/\/www.w3.org\/2000\/svg\"><path d=\"M552 64H112c-20.858 0-38.643 13.377-45.248 32H24c-13.255 0-24 10.745-24 24v272c0 30.928 25.072 56 56 56h496c13.255 0 24-10.745 24-24V88c0-13.255-10.745-24-24-24zM48 392V144h16v248c0 4.411-3.589 8-8 8s-8-3.589-8-8zm480 8H111.422c.374-2.614.578-5.283.578-8V112h416v288zM172 280h136c6.627 0 12-5.373 12-12v-96c0-6.627-5.373-12-12-12H172c-6.627 0-12 5.373-12 12v96c0 6.627 5.373 12 12 12zm28-80h80v40h-80v-40zm-40 140v-24c0-6.627 5.373-12 12-12h136c6.627 0 12 5.373 12 12v24c0 6.627-5.373 12-12 12H172c-6.627 0-12-5.373-12-12zm192 0v-24c0-6.627 5.373-12 12-12h104c6.627 0 12 5.373 12 12v24c0 6.627-5.373 12-12 12H364c-6.627 0-12-5.373-12-12zm0-144v-24c0-6.627 5.373-12 12-12h104c6.627 0 12 5.373 12 12v24c0 6.627-5.373 12-12 12H364c-6.627 0-12-5.373-12-12zm0 72v-24c0-6.627 5.373-12 12-12h104c6.627 0 12 5.373 12 12v24c0 6.627-5.373 12-12 12H364c-6.627 0-12-5.373-12-12z\"><\/path><\/svg><\/span><\/span><\/div><div class=\"content-inner\"><div class=\"sc-heading\"><h3 class=\"heading__primary\">Leticia del Rosario - Acad\u00e9mica destacada<\/h3><\/div><div class=\"desc-icon-box\"><div class=\"desc-content\">Destacamos en este mes el Expediente de personal de la acad\u00e9mica y profesora Em\u00e9rita Leticia del Rosario. El Archivo Universitario selecciona el expediente de personal de la acad\u00e9mica Dra. Leticia del Rosario. Este expediente contiene diferentes soportes que le dan gran importancia para el estudio de la archiv\u00edstica. Entre los soportes, podemos destacar:\n1.\tDocumentos en papel que datan del 1936\n2.\tDocumentos en Manuscritos (1936)\n3.\tFotograf\u00edas que datan del 1936, 1943 y 1968 \n4.\tRecortes de peri\u00f3dicos 1971\n5.\tMemorabilia (Placa en metal de 1973)\n6.\tImpresi\u00f3n de documento de microfilm\n7.\tArt\u00edculo de revista en papel de 1948\n\nLa Dra. Leticia del Rosario, naci\u00f3 en Yauco, Puerto Rico en 1914. Obtuvo su bachillerato en Ciencias, Manga Cum Laude, con una especializaci\u00f3n en f\u00edsica y matem\u00e1ticas, de la Universidad de Puerto Rico en 1935, una maestr\u00eda en ciencias, con especialidad en f\u00edsica at\u00f3mica de la Universidad de Chicago en 1941 y un doctorado en F\u00edsica de la misma universidad en 1948. Luego, pas\u00f3 a Oak Ridge National Laboratory, para tomar un curso especializado en radiois\u00f3topos. \n\nComenz\u00f3 a trabajar como docente en la Universidad de Puerto Rico en 1941 hasta el 1973 en el Departamento de F\u00edsica y Matem\u00e1ticas de la Facultad de Ciencias Naturales, dirigiendo ese departamento desde el 1949 al 1954. Adem\u00e1s, fue directora del Departamento de Ciencias F\u00edsicas de la Facultad de Estudios Generales desde el 1 de enero de 1964 al 1966. En 1970 al 1973 fue la primera mujer Decana de Estudios en el Recinto de R\u00edo Piedras de la Universidad de Puerto Rico, (Certificaci\u00f3n N\u00fam. 46, 1970-71 CES). \n\nComo acad\u00e9mica del recinto riopedrense de la UPR, dirigi\u00f3 el proyecto In-service Institute for Secondary School Teachers of Science and Mathematics (1961-62) subsidiado por la Fundaci\u00f3n Nacional de Ciencias (NSF, en ingl\u00e9s) y dirigi\u00f3 el Cosmic Ray Laboratory desde el que se desarrollaron proyectos de investigaci\u00f3n que resultaron en la publicaci\u00f3n en la revista de mayor prestigio en f\u00edsica, Physical Review.\n\nLeticia del Rosario, fue la primera mujer puertorrique\u00f1a en obtener un doctorado en f\u00edsica, pionera en la f\u00edsica, prestigiosa cient\u00edfica, ex directora del Instituto de cultura Puertorrique\u00f1o y Profesora Em\u00e9rita en 1974. Fallece en el 2009 a sus 95 a\u00f1os de edad.\n<\/div><\/div><\/div><\/div><\/div><\/div>\t\t\t\t<\/div>\n\t\t\t\t<\/div>\n\t\t\t\t\t<\/div>\n\t\t<\/div>\n\t\t\t\t\t<\/div>\n\t\t<\/section>\n\t\t\t\t<\/div>\n\t\t","protected":false},"excerpt":{"rendered":"<p>aida 8 de March de 2023 Noticias y eventos aida 9 de January de 2023 Sabias que&#8230; Pau Casals aida 16 de December de 2022 Acad\u00e9micas e Intelectuales Destacadas aida 15 de December de 2022 IupiMap: Nueva aplicaci\u00f3n m\u00f3vil con &hellip; <\/p>\n","protected":false},"author":43,"featured_media":0,"comment_status":"closed","ping_status":"closed","sticky":false,"template":"","format":"standard","meta":{"_monsterinsights_skip_tracking":false,"_monsterinsights_sitenote_active":false,"_monsterinsights_sitenote_note":"","_monsterinsights_sitenote_category":0,"_FSMCFIC_featured_image_caption":"","_FSMCFIC_featured_image_nocaption":"","_FSMCFIC_featured_image_hide":"","footnotes":""},"categories":[1],"tags":[],"class_list":["post-18374","post","type-post","status-publish","format-standard","hentry","category-sin-categoria"],"_links":{"self":[{"href":"https:\/\/www.uprrp.edu\/archivouniversitario\/wp-json\/wp\/v2\/posts\/18374","targetHints":{"allow":["GET"]}}],"collection":[{"href":"https:\/\/www.uprrp.edu\/archivouniversitario\/wp-json\/wp\/v2\/posts"}],"about":[{"href":"https:\/\/www.uprrp.edu\/archivouniversitario\/wp-json\/wp\/v2\/types\/post"}],"author":[{"embeddable":true,"href":"https:\/\/www.uprrp.edu\/archivouniversitario\/wp-json\/wp\/v2\/users\/43"}],"replies":[{"embeddable":true,"href":"https:\/\/www.uprrp.edu\/archivouniversitario\/wp-json\/wp\/v2\/comments?post=18374"}],"version-history":[{"count":6,"href":"https:\/\/www.uprrp.edu\/archivouniversitario\/wp-json\/wp\/v2\/posts\/18374\/revisions"}],"predecessor-version":[{"id":18380,"href":"https:\/\/www.uprrp.edu\/archivouniversitario\/wp-json\/wp\/v2\/posts\/18374\/revisions\/18380"}],"wp:attachment":[{"href":"https:\/\/www.uprrp.edu\/archivouniversitario\/wp-json\/wp\/v2\/media?parent=18374"}],"wp:term":[{"taxonomy":"category","embeddable":true,"href":"https:\/\/www.uprrp.edu\/archivouniversitario\/wp-json\/wp\/v2\/categories?post=18374"},{"taxonomy":"post_tag","embeddable":true,"href":"https:\/\/www.uprrp.edu\/archivouniversitario\/wp-json\/wp\/v2\/tags?post=18374"}],"curies":[{"name":"wp","href":"https:\/\/api.w.org\/{rel}","templated":true}]}}