{"id":9241,"date":"2021-01-14T13:25:29","date_gmt":"2021-01-14T17:25:29","guid":{"rendered":"http:\/\/www.uprrp.edu\/exalumnos\/?p=9241"},"modified":"2022-04-25T15:01:49","modified_gmt":"2022-04-25T19:01:49","slug":"egresada-del-recinto-de-rio-piedras-de-la-upr-fue-reconocida-por-la-association-of-the-university-of-puerto-rico-alumni-and-friends-abroad","status":"publish","type":"post","link":"https:\/\/www.uprrp.edu\/exalumnos\/egresada-del-recinto-de-rio-piedras-de-la-upr-fue-reconocida-por-la-association-of-the-university-of-puerto-rico-alumni-and-friends-abroad\/","title":{"rendered":"Egresada del Recinto de R\u00edo Piedras de la UPR fue reconocida por la  Association of the University of Puerto Rico Alumni and Friends Abroad"},"content":{"rendered":"<p>Sin duda alguna el 2020 fue un a\u00f1o dif\u00edcil para todos. Sin embargo, eso no detuvo a la egresada del Recinto de R\u00edo Piedras de la Universidad de Puerto Rico (RRP-UPR), Aimar B. Galarza-Guzm\u00e1n, quien fue reconocida como \u2018Distinguished UPR Alumni 2020\u2019, por parte de la Association of the University of Puerto Rico Alumni and Friends Abroad (UPRAA, por sus siglas en ingl\u00e9s).<\/p>\n<p>La joven obtuvo su grado de bachillerato Summa Cum Laude en mayo 2020, en Artes de la Literatura en Ingl\u00e9s con una concentraci\u00f3n menor en Comunicaci\u00f3n Empresarial. Actualmente, trabaja como actriz de doblaje a tiempo medio y gracias a una beca que le otorg\u00f3 la George Washington University (GWU) se encuentra realizando estudios graduados en Estudios Profesionales de Publicaci\u00f3n.<\/p>\n<p>La distinci\u00f3n que le otorga la UPRAA a Galarza-Guzm\u00e1n, se debe a que en su paso por el campus riopedrense, la jerezana form\u00f3 parte de diversas actividades extracurriculares, particularmente de voluntariado y trabajo comunitario. As\u00ed particip\u00f3 en la National Society of Leadership and Success y Golden Key International Honour Society, que son sociedades de honor, cuyo fin es transformar a los j\u00f3venes universitarios en l\u00edderes y, a la vez, reconocen sus logros. Adem\u00e1s colabor\u00f3 con el cap\u00edtulo universitario de UNICEF, organizaci\u00f3n estudiantil que tiene como misi\u00f3n proveer ayuda humanitaria, y asistencia a ni\u00f1os y madres en pa\u00edses en desarrollo.<\/p>\n<p>Asimismo, fue escritora-editora y vicepresidenta de la organizaci\u00f3n estudiantil Her Campus UPR. En esta funci\u00f3n tuvo la oportunidad de editar sobre 40 art\u00edculos e historias a lo largo de un a\u00f1o. Sirvi\u00f3 como asistente editora de la revista literaria Tonguas del Departamento de Ingl\u00e9s de la Facultad de Humanidades, y fue parte del internado Baltasar Corrada del R\u00edo en el Departamento de Estado de Puerto Rico, adscrito a la Oficina de Asuntos Legales y Externos.<\/p>\n<p>\u201cLa educaci\u00f3n que recib\u00ed en el recinto fue de mucha ayuda en mi trayectoria profesional para convertirme en editora en una casa publicadora. Pude obtener herramientas que son necesarias para el mundo de la publicaci\u00f3n de libros y conexiones con estupendos profesores a los cuales jam\u00e1s olvidar\u00e9\u201d, expres\u00f3 la exalumna. \u201cEn el recinto, aprend\u00ed lo que es ser independiente y tomar riesgos para poder cumplir mis sue\u00f1os\u201d, a\u00f1adi\u00f3.<\/p>\n<p>En el Recinto, tuvo la oportunidad de fundar un grupo universitario a capella llamado Passionato, para el cual la joven dirigi\u00f3 e hizo arreglos musicales. En el 2018, tuvo la oportunidad de presentarse con grupos musicales de las universidades de Harvard y Yale, The Harvard LowKeys y The New Blue, respectivamente. Por si fuera poco, bajo su direcci\u00f3n, Passionato logr\u00f3 lanzar el sencillo \u2018I Know What You Did\u2019 el pasado 2020.<\/p>\n<p>\u201cUna experiencia particular que me llevo de mis a\u00f1os en el recinto fue la fundaci\u00f3n del grupo a capella Passionato. Luego de haberlo fundado, me llev\u00e9 muchas experiencias que formaron la persona quien ahora soy. Las amistades que obtuve durante mis a\u00f1os universitarios son personas que han sido inspiraciones para poder seguir mi rumbo como l\u00edder, so\u00f1adora y profesional\u201d, concluy\u00f3.<\/p>\n<p>En el futuro, la jerezana, espera poder trabajar en una casa publicadora de libros como editora y ayudar a los autores a transmitir su visi\u00f3n al mundo.<\/p>\n","protected":false},"excerpt":{"rendered":"<p>Aimar B. Galarza-Guzm\u00e1n recibi\u00f3 el premio \u2018Distinguished UPR Alumni 2020\u2019<\/p>\n","protected":false},"author":1,"featured_media":9245,"comment_status":"closed","ping_status":"closed","sticky":false,"template":"","format":"standard","meta":{"_monsterinsights_skip_tracking":false,"_monsterinsights_sitenote_active":false,"_monsterinsights_sitenote_note":"","_monsterinsights_sitenote_category":0,"_FSMCFIC_featured_image_caption":"","_FSMCFIC_featured_image_nocaption":"","_FSMCFIC_featured_image_hide":"","footnotes":""},"categories":[59],"tags":[],"class_list":["post-9241","post","type-post","status-publish","format-standard","has-post-thumbnail","hentry","category-exalumnos"],"_links":{"self":[{"href":"https:\/\/www.uprrp.edu\/exalumnos\/wp-json\/wp\/v2\/posts\/9241","targetHints":{"allow":["GET"]}}],"collection":[{"href":"https:\/\/www.uprrp.edu\/exalumnos\/wp-json\/wp\/v2\/posts"}],"about":[{"href":"https:\/\/www.uprrp.edu\/exalumnos\/wp-json\/wp\/v2\/types\/post"}],"author":[{"embeddable":true,"href":"https:\/\/www.uprrp.edu\/exalumnos\/wp-json\/wp\/v2\/users\/1"}],"replies":[{"embeddable":true,"href":"https:\/\/www.uprrp.edu\/exalumnos\/wp-json\/wp\/v2\/comments?post=9241"}],"version-history":[{"count":2,"href":"https:\/\/www.uprrp.edu\/exalumnos\/wp-json\/wp\/v2\/posts\/9241\/revisions"}],"predecessor-version":[{"id":9244,"href":"https:\/\/www.uprrp.edu\/exalumnos\/wp-json\/wp\/v2\/posts\/9241\/revisions\/9244"}],"wp:featuredmedia":[{"embeddable":true,"href":"https:\/\/www.uprrp.edu\/exalumnos\/wp-json\/wp\/v2\/media\/9245"}],"wp:attachment":[{"href":"https:\/\/www.uprrp.edu\/exalumnos\/wp-json\/wp\/v2\/media?parent=9241"}],"wp:term":[{"taxonomy":"category","embeddable":true,"href":"https:\/\/www.uprrp.edu\/exalumnos\/wp-json\/wp\/v2\/categories?post=9241"},{"taxonomy":"post_tag","embeddable":true,"href":"https:\/\/www.uprrp.edu\/exalumnos\/wp-json\/wp\/v2\/tags?post=9241"}],"curies":[{"name":"wp","href":"https:\/\/api.w.org\/{rel}","templated":true}]}}