{"id":9279,"date":"2021-02-02T09:25:55","date_gmt":"2021-02-02T13:25:55","guid":{"rendered":"https:\/\/www.uprrp.edu\/exalumnos\/?p=9279"},"modified":"2021-02-03T13:05:14","modified_gmt":"2021-02-03T17:05:14","slug":"egresado-de-la-escuela-de-arquitectura-upr-es-nombrado-partner-de-la-firma-de-arquitectos-marvel-en-nueva-york","status":"publish","type":"post","link":"https:\/\/www.uprrp.edu\/exalumnos\/egresado-de-la-escuela-de-arquitectura-upr-es-nombrado-partner-de-la-firma-de-arquitectos-marvel-en-nueva-york\/","title":{"rendered":"Egresado de la Escuela de Arquitectura UPR es nombrado \u2018partner\u2019 de la firma  de arquitectos Marvel en Nueva York"},"content":{"rendered":"\t\t<div data-elementor-type=\"wp-post\" data-elementor-id=\"9279\" class=\"elementor elementor-9279\">\n\t\t\t\t\t\t<section class=\"elementor-section elementor-top-section elementor-element elementor-element-5ff39bee elementor-section-boxed elementor-section-height-default elementor-section-height-default\" data-id=\"5ff39bee\" data-element_type=\"section\" data-e-type=\"section\">\n\t\t\t\t\t\t<div class=\"elementor-container elementor-column-gap-default\">\n\t\t\t\t\t<div class=\"elementor-column elementor-col-100 elementor-top-column elementor-element elementor-element-41c07eaf\" data-id=\"41c07eaf\" data-element_type=\"column\" data-e-type=\"column\">\n\t\t\t<div class=\"elementor-widget-wrap elementor-element-populated\">\n\t\t\t\t\t\t<div class=\"elementor-element elementor-element-aa72da7 elementor-widget elementor-widget-text-editor\" data-id=\"aa72da7\" data-element_type=\"widget\" data-e-type=\"widget\" data-widget_type=\"text-editor.default\">\n\t\t\t\t<div class=\"elementor-widget-container\">\n\t\t\t\t\t\t\t\t\t<p>Recientemente Yadiel Rivera-D\u00edaz, exalumno de la Escuela de Arquitectura de la Universidad de Puerto Rico, cuya sede es el Recinto de R\u00edo Piedras, fue nombrado \u2018partner\u2019 de la firma de arquitectos Marvel, que tiene oficinas en San Juan y en la ciudad de Nueva York.<\/p><p>\u201cPara m\u00ed es un honor poder llegar a ser parte del equipo de l\u00edderes que va a dar direcci\u00f3n y forma al futuro de Marvel. Y m\u00e1s orgullo me da el poder representar a un equipo diverso, con muchos profesionales sumamente talentosos que representan muchas partes del mundo, pero principalmente me enorgullece poder representar y liderar un equipo sin comparaci\u00f3n de profesionales puertorrique\u00f1os\u201d, expres\u00f3 Rivera-D\u00edaz sobre su nombramiento. \u201cEn cierta forma, trabajar y ser l\u00edder en Marvel me ha permitido cumplir el sue\u00f1o de poder volver a reconectar con la isla y devolverle un poco de lo mucho que me ha dado\u201d, a\u00f1adi\u00f3.<\/p><p>Se gradu\u00f3 del recinto riopedrense en el 2003 con un bachillerato en Dise\u00f1o Ambiental. Luego se traslad\u00f3 a la Universidad de Pennsylvania en Filadelfia, donde realiz\u00f3 y combin\u00f3 dos maestr\u00edas en Arquitectura y Arquitectura Paisajista, las cuales culmin\u00f3 en el 2008.<\/p><p>\u201cLa educaci\u00f3n en arquitectura que recib\u00ed en la UPR, fue una excelente. All\u00ed aprend\u00ed muchas cosas que gu\u00edan hoy mi carrera profesional. Aprend\u00ed a ser minucioso y riguroso con el proceso de dise\u00f1o, a pensar y desarrollar nuevos conceptos\u201d, afirm\u00f3 el gallito sobre su educaci\u00f3n en el Recinto de R\u00edo Piedras de la UPR. \u201cEl Recinto me prepar\u00f3 adecuadamente para los retos que las maestr\u00edas presentaron y pude mantenerme en el tope de la clase. Aqu\u00ed descubr\u00ed que mi mayor inter\u00e9s era el dise\u00f1o de espacios p\u00fablicos y que quer\u00eda dedicarme m\u00e1s al lado de la arquitectura paisajista\u201d, sostuvo.<\/p><p>Rivera-D\u00edaz tambi\u00e9n tuvo la oportunidad de trabajar en la firma Coleman-Davis Pag\u00e1n Arquitectos aqu\u00ed en Puerto Rico, tras completar su bachillerato. Adem\u00e1s, obtuvo experiencia en la firma Studio Bryan Hanes en Filadelfia. Luego pas\u00f3 a trabajar para la firma Andropogon Associates en la misma ciudad, donde adquiri\u00f3 conocimiento sobre dise\u00f1o con enfoque hacia infraestructura verde.<\/p><p>En 2011 comenz\u00f3 a trabajar en la firma !melk, en la cual -por seis a\u00f1os- fue dise\u00f1ador y coordinador de proyectos en los Estados Unidos e internacionalmente. All\u00ed estuvo a cargo del dise\u00f1o de \u2018The Park\u2019 en Las Vegas, Nevada. Adem\u00e1s, complet\u00f3 el dise\u00f1o de un parque en Mosc\u00fa, Rusia. Asimismo, complet\u00f3 otros proyectos en Sacramento, California, y en la ciudad de Nueva York.<\/p><p>Es en 2017, cuando comienza a trabajar en la firma Marvel Architects en Nueva York. Una de las principales razones que motivaron al arquitecto a hacer este cambio fue que esta firma hace proyectos y tiene oficinas en Puerto Rico y le ofrecieron la oportunidad de desarrollar expandir su portafolio profesional enfoc\u00e1ndose en el paisajismo, tanto en Nueva York como en la isla.<\/p><p>\u201cEn Marvel me he podido enfocar m\u00e1s en el impacto que el dise\u00f1o tiene o puede tener en el vivir d\u00eda a d\u00eda de muchos de nuestros vecinos y comunidades marginalizadas. Por los \u00faltimos tres a\u00f1os he trabajado en varios proyectos en la ciudad de Nueva York, espec\u00edficamente en vecindarios del Bronx. Uno de los proyectos que acaba de comenzar construcci\u00f3n es una extensi\u00f3n de un parque en la cuenca del r\u00edo Harlem en el Bronx\u201d, coment\u00f3 Rivera-D\u00edaz sobre algunos de sus proyectos. \u201cEn Puerto Rico, el equipo de paisajismo ha estado trabajando en proyectos sumamente importantes para la isla, como lo es la restauraci\u00f3n del Portal de El Yunque, la rehabilitaci\u00f3n y reconstrucci\u00f3n de varias veredas en el bosque, que fueron afectadas por el hurac\u00e1n Mar\u00eda, y en varios proyectos en el \u00e1rea del Ca\u00f1o Mart\u00edn Pe\u00f1a\u201d, concluy\u00f3.<\/p><p>En el futuro espera continuar desarrollando la pr\u00e1ctica de la arquitectura paisajista en Marvel, y como meta importante tiene la ilusi\u00f3n de poder crecer la pr\u00e1ctica de la profesi\u00f3n en Puerto Rico.<\/p>\t\t\t\t\t\t\t\t<\/div>\n\t\t\t\t<\/div>\n\t\t\t\t\t<\/div>\n\t\t<\/div>\n\t\t\t\t\t<\/div>\n\t\t<\/section>\n\t\t\t\t<section class=\"elementor-section elementor-top-section elementor-element elementor-element-6ad2f79 elementor-section-boxed elementor-section-height-default elementor-section-height-default\" data-id=\"6ad2f79\" data-element_type=\"section\" data-e-type=\"section\">\n\t\t\t\t\t\t<div class=\"elementor-container elementor-column-gap-default\">\n\t\t\t\t\t<div class=\"elementor-column elementor-col-100 elementor-top-column elementor-element elementor-element-ece6695\" data-id=\"ece6695\" data-element_type=\"column\" data-e-type=\"column\">\n\t\t\t<div class=\"elementor-widget-wrap elementor-element-populated\">\n\t\t\t\t\t\t<div class=\"elementor-element elementor-element-cd9f92c elementor-arrows-position-inside elementor-pagination-position-outside elementor-widget elementor-widget-image-carousel\" data-id=\"cd9f92c\" data-element_type=\"widget\" data-e-type=\"widget\" data-settings=\"{&quot;slides_to_show&quot;:&quot;1&quot;,&quot;navigation&quot;:&quot;both&quot;,&quot;autoplay&quot;:&quot;yes&quot;,&quot;pause_on_hover&quot;:&quot;yes&quot;,&quot;pause_on_interaction&quot;:&quot;yes&quot;,&quot;autoplay_speed&quot;:5000,&quot;infinite&quot;:&quot;yes&quot;,&quot;effect&quot;:&quot;slide&quot;,&quot;speed&quot;:500}\" data-widget_type=\"image-carousel.default\">\n\t\t\t\t<div class=\"elementor-widget-container\">\n\t\t\t\t\t\t\t<div class=\"elementor-image-carousel-wrapper swiper\" role=\"region\" aria-roledescription=\"carousel\" aria-label=\"Image Carousel\" dir=\"ltr\">\n\t\t\t<div class=\"elementor-image-carousel swiper-wrapper\" aria-live=\"off\">\n\t\t\t\t\t\t\t\t<div class=\"swiper-slide\" role=\"group\" aria-roledescription=\"slide\" aria-label=\"1 of 3\"><figure class=\"swiper-slide-inner\"><img decoding=\"async\" class=\"swiper-slide-image\" src=\"https:\/\/www.uprrp.edu\/exalumnos\/wp-content\/uploads\/sites\/11\/2021\/02\/The-Park-melk-2-768x360.jpg\" alt=\"The Park !melk 2\" \/><\/figure><\/div><div class=\"swiper-slide\" role=\"group\" aria-roledescription=\"slide\" aria-label=\"2 of 3\"><figure class=\"swiper-slide-inner\"><img decoding=\"async\" class=\"swiper-slide-image\" src=\"https:\/\/www.uprrp.edu\/exalumnos\/wp-content\/uploads\/sites\/11\/2021\/02\/Bronx-Point-Marvel.jpg\" alt=\"\" \/><\/figure><\/div><div class=\"swiper-slide\" role=\"group\" aria-roledescription=\"slide\" aria-label=\"3 of 3\"><figure class=\"swiper-slide-inner\"><img decoding=\"async\" class=\"swiper-slide-image\" src=\"https:\/\/www.uprrp.edu\/exalumnos\/wp-content\/uploads\/sites\/11\/2021\/02\/The-Park-melk.jpg\" alt=\"\" \/><\/figure><\/div>\t\t\t<\/div>\n\t\t\t\t\t\t\t\t\t\t\t\t<div class=\"elementor-swiper-button elementor-swiper-button-prev\" role=\"button\" tabindex=\"0\">\n\t\t\t\t\t\t<i aria-hidden=\"true\" class=\"eicon-chevron-left\"><\/i>\t\t\t\t\t<\/div>\n\t\t\t\t\t<div class=\"elementor-swiper-button elementor-swiper-button-next\" role=\"button\" tabindex=\"0\">\n\t\t\t\t\t\t<i aria-hidden=\"true\" class=\"eicon-chevron-right\"><\/i>\t\t\t\t\t<\/div>\n\t\t\t\t\n\t\t\t\t\t\t\t\t\t<div class=\"swiper-pagination\"><\/div>\n\t\t\t\t\t\t\t\t\t<\/div>\n\t\t\t\t\t\t<\/div>\n\t\t\t\t<\/div>\n\t\t\t\t\t<\/div>\n\t\t<\/div>\n\t\t\t\t\t<\/div>\n\t\t<\/section>\n\t\t\t\t<\/div>\n\t\t","protected":false},"excerpt":{"rendered":"<p>El Arq. Yadiel Rivera-D\u00edaz posee un bachillerato en Dise\u00f1o Ambiental de nuestra instituci\u00f3<\/p>\n","protected":false},"author":1,"featured_media":9280,"comment_status":"closed","ping_status":"closed","sticky":false,"template":"","format":"standard","meta":{"_monsterinsights_skip_tracking":false,"_monsterinsights_sitenote_active":false,"_monsterinsights_sitenote_note":"","_monsterinsights_sitenote_category":0,"_FSMCFIC_featured_image_caption":"","_FSMCFIC_featured_image_nocaption":"","_FSMCFIC_featured_image_hide":"","footnotes":""},"categories":[59],"tags":[],"class_list":["post-9279","post","type-post","status-publish","format-standard","has-post-thumbnail","hentry","category-exalumnos"],"_links":{"self":[{"href":"https:\/\/www.uprrp.edu\/exalumnos\/wp-json\/wp\/v2\/posts\/9279","targetHints":{"allow":["GET"]}}],"collection":[{"href":"https:\/\/www.uprrp.edu\/exalumnos\/wp-json\/wp\/v2\/posts"}],"about":[{"href":"https:\/\/www.uprrp.edu\/exalumnos\/wp-json\/wp\/v2\/types\/post"}],"author":[{"embeddable":true,"href":"https:\/\/www.uprrp.edu\/exalumnos\/wp-json\/wp\/v2\/users\/1"}],"replies":[{"embeddable":true,"href":"https:\/\/www.uprrp.edu\/exalumnos\/wp-json\/wp\/v2\/comments?post=9279"}],"version-history":[{"count":7,"href":"https:\/\/www.uprrp.edu\/exalumnos\/wp-json\/wp\/v2\/posts\/9279\/revisions"}],"predecessor-version":[{"id":9340,"href":"https:\/\/www.uprrp.edu\/exalumnos\/wp-json\/wp\/v2\/posts\/9279\/revisions\/9340"}],"wp:featuredmedia":[{"embeddable":true,"href":"https:\/\/www.uprrp.edu\/exalumnos\/wp-json\/wp\/v2\/media\/9280"}],"wp:attachment":[{"href":"https:\/\/www.uprrp.edu\/exalumnos\/wp-json\/wp\/v2\/media?parent=9279"}],"wp:term":[{"taxonomy":"category","embeddable":true,"href":"https:\/\/www.uprrp.edu\/exalumnos\/wp-json\/wp\/v2\/categories?post=9279"},{"taxonomy":"post_tag","embeddable":true,"href":"https:\/\/www.uprrp.edu\/exalumnos\/wp-json\/wp\/v2\/tags?post=9279"}],"curies":[{"name":"wp","href":"https:\/\/api.w.org\/{rel}","templated":true}]}}